{"id":2986,"date":"2026-03-17T08:35:34","date_gmt":"2026-03-17T06:35:34","guid":{"rendered":"https:\/\/judo-wels.at\/?p=2986"},"modified":"2026-03-17T08:35:46","modified_gmt":"2026-03-17T06:35:46","slug":"lz-multikraft-wels-startete-mit-pflichtsieg-in-die-neue-bundesliga-saison","status":"publish","type":"post","link":"https:\/\/judo-wels.at\/?p=2986","title":{"rendered":"LZ Multikraft Wels startete mit Pflichtsieg in die neue Bundesliga-Saison"},"content":{"rendered":"<h3 class=\"x14z9mp xat24cr x1lziwak x1vvkbs xtlvy1s x126k92a\">Das LZ Multikraft Wels startete dieses Wochenende ausw\u00e4rts bei der JU Burgkirchen\/Schwand in die neue Saison der 1. \u00d6sterreichischen Judo Bundesliga und holte sich in der 1. Runde trotz vieler Ausf\u00e4lle und dadurch mit nicht weniger als vier Bundesliga-Deb\u00fctanten mit einem 9:5 den erhofften Pflichtsieg.<\/h3>\n<h3 dir=\"auto\">\u201eDie Vorzeichen standen nicht allzu gut, denn mit Daniel Leutgeb, Ziv Sherer, Alexander Kaserer und Issa Naschcho sind uns gleich vier gesetzte Athleten ausgefallen und wir mussten unsere ohne-hin schon sehr junge Mannschaft nochmals verj\u00fcngen. Mit Luka Haminger, Stefan St\u00f6gmann, Jan Pfandl und Giorgi Nagladze kamen gleich vier Nachwuchs-Judokas zu ihrem Bundesliga-Deb\u00fct und alle vier meisterten ihre Aufgabe mit Bravour\u201c, ist Coach Thomas Haminger megastolz auf seine Truppe. Die Punkte f\u00fcr die Multis erzielten Stefan St\u00f6gmann (2), Firas Ben Saad (2), Erik Abramov (2), Jan Pfandl, Leon Tschilikin und Kriztian Toth.<\/h3>\n<h3 class=\"x14z9mp xat24cr x1lziwak x1vvkbs xtlvy1s x126k92a\">\u201eDieser Ausw\u00e4rtssieg bedeutet den ersten Schritt in Richtung Minimalziel f\u00fcr die heurige Bundesliga-Saison, dem Final Four. Gleichzeitig hat er bewiesen, dass wir nun wesentlich breiter aufgestellt sind und sogar die au\u00dfergew\u00f6hnlich vielen Ausf\u00e4lle ersetzen konnten. Der Weg ist richtig, voll auf den Nachwuchs zu setzen\u201c, ist Vereinsobmann Patrick Haminger \u00fcberzeugt.<\/h3>\n<p><img loading=\"lazy\" decoding=\"async\" class=\"aligncenter size-large wp-image-2983\" src=\"https:\/\/judo-wels.at\/wp-content\/uploads\/2026\/03\/651283127_1494115909385562_1999145440714430312_n-576x1024.jpg\" alt=\"\" width=\"576\" height=\"1024\" srcset=\"https:\/\/judo-wels.at\/wp-content\/uploads\/2026\/03\/651283127_1494115909385562_1999145440714430312_n-576x1024.jpg 576w, https:\/\/judo-wels.at\/wp-content\/uploads\/2026\/03\/651283127_1494115909385562_1999145440714430312_n-169x300.jpg 169w, https:\/\/judo-wels.at\/wp-content\/uploads\/2026\/03\/651283127_1494115909385562_1999145440714430312_n-72x128.jpg 72w, https:\/\/judo-wels.at\/wp-content\/uploads\/2026\/03\/651283127_1494115909385562_1999145440714430312_n-18x32.jpg 18w, https:\/\/judo-wels.at\/wp-content\/uploads\/2026\/03\/651283127_1494115909385562_1999145440714430312_n.jpg 720w\" sizes=\"auto, (max-width: 576px) 100vw, 576px\" \/><\/p>\n<p><img loading=\"lazy\" decoding=\"async\" class=\"aligncenter size-large wp-image-2982\" src=\"https:\/\/judo-wels.at\/wp-content\/uploads\/2026\/03\/653169636_1494117289385424_6348949588733200661_n-1024x572.jpg\" alt=\"\" width=\"1024\" height=\"572\" srcset=\"https:\/\/judo-wels.at\/wp-content\/uploads\/2026\/03\/653169636_1494117289385424_6348949588733200661_n-1024x572.jpg 1024w, https:\/\/judo-wels.at\/wp-content\/uploads\/2026\/03\/653169636_1494117289385424_6348949588733200661_n-300x168.jpg 300w, https:\/\/judo-wels.at\/wp-content\/uploads\/2026\/03\/653169636_1494117289385424_6348949588733200661_n-768x429.jpg 768w, https:\/\/judo-wels.at\/wp-content\/uploads\/2026\/03\/653169636_1494117289385424_6348949588733200661_n-128x72.jpg 128w, https:\/\/judo-wels.at\/wp-content\/uploads\/2026\/03\/653169636_1494117289385424_6348949588733200661_n-32x18.jpg 32w, https:\/\/judo-wels.at\/wp-content\/uploads\/2026\/03\/653169636_1494117289385424_6348949588733200661_n.jpg 1288w\" sizes=\"auto, (max-width: 1024px) 100vw, 1024px\" \/><\/p>\n","protected":false},"excerpt":{"rendered":"<p>Das LZ Multikraft Wels startete dieses Wochenende ausw\u00e4rts bei der JU Burgkirchen\/Schwand in die neue Saison der 1. \u00d6sterreichischen Judo Bundesliga und holte sich in der 1. Runde trotz vieler [&hellip;]<\/p>\n","protected":false},"author":5,"featured_media":2982,"comment_status":"closed","ping_status":"open","sticky":false,"template":"","format":"standard","meta":{"_monsterinsights_skip_tracking":false,"_monsterinsights_sitenote_active":false,"_monsterinsights_sitenote_note":"","_monsterinsights_sitenote_category":0,"footnotes":""},"categories":[1],"tags":[],"class_list":["post-2986","post","type-post","status-publish","format-standard","has-post-thumbnail","hentry","category-uncategorized"],"aioseo_notices":[],"_links":{"self":[{"href":"https:\/\/judo-wels.at\/index.php?rest_route=\/wp\/v2\/posts\/2986","targetHints":{"allow":["GET"]}}],"collection":[{"href":"https:\/\/judo-wels.at\/index.php?rest_route=\/wp\/v2\/posts"}],"about":[{"href":"https:\/\/judo-wels.at\/index.php?rest_route=\/wp\/v2\/types\/post"}],"author":[{"embeddable":true,"href":"https:\/\/judo-wels.at\/index.php?rest_route=\/wp\/v2\/users\/5"}],"replies":[{"embeddable":true,"href":"https:\/\/judo-wels.at\/index.php?rest_route=%2Fwp%2Fv2%2Fcomments&post=2986"}],"version-history":[{"count":3,"href":"https:\/\/judo-wels.at\/index.php?rest_route=\/wp\/v2\/posts\/2986\/revisions"}],"predecessor-version":[{"id":2989,"href":"https:\/\/judo-wels.at\/index.php?rest_route=\/wp\/v2\/posts\/2986\/revisions\/2989"}],"wp:featuredmedia":[{"embeddable":true,"href":"https:\/\/judo-wels.at\/index.php?rest_route=\/wp\/v2\/media\/2982"}],"wp:attachment":[{"href":"https:\/\/judo-wels.at\/index.php?rest_route=%2Fwp%2Fv2%2Fmedia&parent=2986"}],"wp:term":[{"taxonomy":"category","embeddable":true,"href":"https:\/\/judo-wels.at\/index.php?rest_route=%2Fwp%2Fv2%2Fcategories&post=2986"},{"taxonomy":"post_tag","embeddable":true,"href":"https:\/\/judo-wels.at\/index.php?rest_route=%2Fwp%2Fv2%2Ftags&post=2986"}],"curies":[{"name":"wp","href":"https:\/\/api.w.org\/{rel}","templated":true}]}}