{"id":2905,"date":"2026-01-26T11:01:49","date_gmt":"2026-01-26T09:01:49","guid":{"rendered":"https:\/\/judo-wels.at\/?p=2905"},"modified":"2026-01-26T11:05:32","modified_gmt":"2026-01-26T09:05:32","slug":"wir-gratulieren-unserem-kampfrichter-hermann-kaindlstorfer-herzlich","status":"publish","type":"post","link":"https:\/\/judo-wels.at\/?p=2905","title":{"rendered":"Wir gratulieren unserem Kampfrichter Hermann Kaindlstorfer herzlich!"},"content":{"rendered":"<h3>Wir gratulieren unserem Kampfrichter Hermann Kaindlstorfer herzlich!<\/h3>\n<h3>Im Rahmen der \u00d6sterreichischen Staatsmeisterschaften am vergangenen Wochenende in Linz wurde er f\u00fcr seine jahrelange, verl\u00e4ssliche T\u00e4tigkeit als Kampfrichter mit der Goldenen\u00a0 \u00a0Kampfrichternadel ausgezeichnet.<\/h3>\n<h3>Eine wohlverdiente Ehrung \u2013 danke f\u00fcr dein gro\u00dfes Engagement!<\/h3>\n<p>&nbsp;<\/p>\n<p>\u00a9Oliver Sellner<\/p>\n<p><img loading=\"lazy\" decoding=\"async\" class=\"aligncenter size-large wp-image-2906\" src=\"https:\/\/judo-wels.at\/wp-content\/uploads\/2026\/01\/Oliver-Sellner-Oesterreichische-Meisterschaft-U18-2026-68208-1024x683.jpg\" alt=\"\" width=\"1024\" height=\"683\" srcset=\"https:\/\/judo-wels.at\/wp-content\/uploads\/2026\/01\/Oliver-Sellner-Oesterreichische-Meisterschaft-U18-2026-68208-1024x683.jpg 1024w, https:\/\/judo-wels.at\/wp-content\/uploads\/2026\/01\/Oliver-Sellner-Oesterreichische-Meisterschaft-U18-2026-68208-300x200.jpg 300w, https:\/\/judo-wels.at\/wp-content\/uploads\/2026\/01\/Oliver-Sellner-Oesterreichische-Meisterschaft-U18-2026-68208-768x512.jpg 768w, https:\/\/judo-wels.at\/wp-content\/uploads\/2026\/01\/Oliver-Sellner-Oesterreichische-Meisterschaft-U18-2026-68208-128x85.jpg 128w, https:\/\/judo-wels.at\/wp-content\/uploads\/2026\/01\/Oliver-Sellner-Oesterreichische-Meisterschaft-U18-2026-68208-32x21.jpg 32w, https:\/\/judo-wels.at\/wp-content\/uploads\/2026\/01\/Oliver-Sellner-Oesterreichische-Meisterschaft-U18-2026-68208.jpg 1280w\" sizes=\"auto, (max-width: 1024px) 100vw, 1024px\" \/> <img loading=\"lazy\" decoding=\"async\" class=\"aligncenter size-large wp-image-2907\" src=\"https:\/\/judo-wels.at\/wp-content\/uploads\/2026\/01\/Oliver-Sellner-Oesterreichische-Meisterschaft-U18-2026-68206-1024x683.jpg\" alt=\"\" width=\"1024\" height=\"683\" srcset=\"https:\/\/judo-wels.at\/wp-content\/uploads\/2026\/01\/Oliver-Sellner-Oesterreichische-Meisterschaft-U18-2026-68206-1024x683.jpg 1024w, https:\/\/judo-wels.at\/wp-content\/uploads\/2026\/01\/Oliver-Sellner-Oesterreichische-Meisterschaft-U18-2026-68206-300x200.jpg 300w, https:\/\/judo-wels.at\/wp-content\/uploads\/2026\/01\/Oliver-Sellner-Oesterreichische-Meisterschaft-U18-2026-68206-768x512.jpg 768w, https:\/\/judo-wels.at\/wp-content\/uploads\/2026\/01\/Oliver-Sellner-Oesterreichische-Meisterschaft-U18-2026-68206-128x85.jpg 128w, https:\/\/judo-wels.at\/wp-content\/uploads\/2026\/01\/Oliver-Sellner-Oesterreichische-Meisterschaft-U18-2026-68206-32x21.jpg 32w, https:\/\/judo-wels.at\/wp-content\/uploads\/2026\/01\/Oliver-Sellner-Oesterreichische-Meisterschaft-U18-2026-68206.jpg 1280w\" sizes=\"auto, (max-width: 1024px) 100vw, 1024px\" \/> <img loading=\"lazy\" decoding=\"async\" class=\"aligncenter size-large wp-image-2908\" src=\"https:\/\/judo-wels.at\/wp-content\/uploads\/2026\/01\/Unknown-709x1024.jpeg\" alt=\"\" width=\"709\" height=\"1024\" srcset=\"https:\/\/judo-wels.at\/wp-content\/uploads\/2026\/01\/Unknown-709x1024.jpeg 709w, https:\/\/judo-wels.at\/wp-content\/uploads\/2026\/01\/Unknown-208x300.jpeg 208w, https:\/\/judo-wels.at\/wp-content\/uploads\/2026\/01\/Unknown-768x1110.jpeg 768w, https:\/\/judo-wels.at\/wp-content\/uploads\/2026\/01\/Unknown-89x128.jpeg 89w, https:\/\/judo-wels.at\/wp-content\/uploads\/2026\/01\/Unknown-22x32.jpeg 22w, https:\/\/judo-wels.at\/wp-content\/uploads\/2026\/01\/Unknown.jpeg 886w\" sizes=\"auto, (max-width: 709px) 100vw, 709px\" \/><\/p>\n","protected":false},"excerpt":{"rendered":"<p>Wir gratulieren unserem Kampfrichter Hermann Kaindlstorfer herzlich! Im Rahmen der \u00d6sterreichischen Staatsmeisterschaften am vergangenen Wochenende in Linz wurde er f\u00fcr seine jahrelange, verl\u00e4ssliche T\u00e4tigkeit als Kampfrichter mit der Goldenen\u00a0 \u00a0Kampfrichternadel [&hellip;]<\/p>\n","protected":false},"author":5,"featured_media":2908,"comment_status":"closed","ping_status":"open","sticky":false,"template":"","format":"standard","meta":{"_monsterinsights_skip_tracking":false,"_monsterinsights_sitenote_active":false,"_monsterinsights_sitenote_note":"","_monsterinsights_sitenote_category":0,"footnotes":""},"categories":[1],"tags":[],"class_list":["post-2905","post","type-post","status-publish","format-standard","has-post-thumbnail","hentry","category-uncategorized"],"aioseo_notices":[],"_links":{"self":[{"href":"https:\/\/judo-wels.at\/index.php?rest_route=\/wp\/v2\/posts\/2905","targetHints":{"allow":["GET"]}}],"collection":[{"href":"https:\/\/judo-wels.at\/index.php?rest_route=\/wp\/v2\/posts"}],"about":[{"href":"https:\/\/judo-wels.at\/index.php?rest_route=\/wp\/v2\/types\/post"}],"author":[{"embeddable":true,"href":"https:\/\/judo-wels.at\/index.php?rest_route=\/wp\/v2\/users\/5"}],"replies":[{"embeddable":true,"href":"https:\/\/judo-wels.at\/index.php?rest_route=%2Fwp%2Fv2%2Fcomments&post=2905"}],"version-history":[{"count":6,"href":"https:\/\/judo-wels.at\/index.php?rest_route=\/wp\/v2\/posts\/2905\/revisions"}],"predecessor-version":[{"id":2914,"href":"https:\/\/judo-wels.at\/index.php?rest_route=\/wp\/v2\/posts\/2905\/revisions\/2914"}],"wp:featuredmedia":[{"embeddable":true,"href":"https:\/\/judo-wels.at\/index.php?rest_route=\/wp\/v2\/media\/2908"}],"wp:attachment":[{"href":"https:\/\/judo-wels.at\/index.php?rest_route=%2Fwp%2Fv2%2Fmedia&parent=2905"}],"wp:term":[{"taxonomy":"category","embeddable":true,"href":"https:\/\/judo-wels.at\/index.php?rest_route=%2Fwp%2Fv2%2Fcategories&post=2905"},{"taxonomy":"post_tag","embeddable":true,"href":"https:\/\/judo-wels.at\/index.php?rest_route=%2Fwp%2Fv2%2Ftags&post=2905"}],"curies":[{"name":"wp","href":"https:\/\/api.w.org\/{rel}","templated":true}]}}