{"id":2794,"date":"2025-10-23T07:45:42","date_gmt":"2025-10-23T05:45:42","guid":{"rendered":"https:\/\/judo-wels.at\/?p=2794"},"modified":"2025-10-23T07:53:06","modified_gmt":"2025-10-23T05:53:06","slug":"bundeliga-niederlage-gegen-sanjindo-bischofshofen","status":"publish","type":"post","link":"https:\/\/judo-wels.at\/?p=2794","title":{"rendered":"Bundeliga Niederlage gegen Sanjindo Bischofshofen"},"content":{"rendered":"<h4>Am Samstag trat unsere Herrenmannschaft ersatzgeschw\u00e4cht in der Bundesliga ausw\u00e4rts in Bischofshofen an. Neben den gesperrten Alexander Kaserer und Issa Nacho, die bei den European Judo Championships im Einsatz sein werden, fiel auch Thomas Ecker (-90 kg) krankheitsbedingt aus. Trotz dieser Ausf\u00e4lle zeigte das Team gro\u00dfen Kampfgeist, musste sich jedoch am Ende mit 9:5 geschlagen geben.<br data-start=\"528\" data-end=\"531\" \/>F\u00fcr unsere Mannschaft punkteten Thomas Haminger (-66 kg) mit einem Ippon-Sieg, Leon Tschilikin (-81 kg) mit zwei Ippon-Erfolgen sowie Kriszti\u00e1n T\u00f3th (-100 kg) mit zwei souver\u00e4nen Siegen.<\/h4>\n<p><img loading=\"lazy\" decoding=\"async\" class=\"aligncenter size-large wp-image-2796\" src=\"https:\/\/judo-wels.at\/wp-content\/uploads\/2025\/10\/Unknown-1024x576.jpeg\" alt=\"\" width=\"1024\" height=\"576\" srcset=\"https:\/\/judo-wels.at\/wp-content\/uploads\/2025\/10\/Unknown-1024x576.jpeg 1024w, https:\/\/judo-wels.at\/wp-content\/uploads\/2025\/10\/Unknown-300x169.jpeg 300w, https:\/\/judo-wels.at\/wp-content\/uploads\/2025\/10\/Unknown-768x432.jpeg 768w, https:\/\/judo-wels.at\/wp-content\/uploads\/2025\/10\/Unknown-1536x864.jpeg 1536w, https:\/\/judo-wels.at\/wp-content\/uploads\/2025\/10\/Unknown-128x72.jpeg 128w, https:\/\/judo-wels.at\/wp-content\/uploads\/2025\/10\/Unknown-32x18.jpeg 32w, https:\/\/judo-wels.at\/wp-content\/uploads\/2025\/10\/Unknown.jpeg 2048w\" sizes=\"auto, (max-width: 1024px) 100vw, 1024px\" \/><\/p>\n","protected":false},"excerpt":{"rendered":"<p>Am Samstag trat unsere Herrenmannschaft ersatzgeschw\u00e4cht in der Bundesliga ausw\u00e4rts in Bischofshofen an. Neben den gesperrten Alexander Kaserer und Issa Nacho, die bei den European Judo Championships im Einsatz sein [&hellip;]<\/p>\n","protected":false},"author":5,"featured_media":2798,"comment_status":"closed","ping_status":"open","sticky":false,"template":"","format":"standard","meta":{"_monsterinsights_skip_tracking":false,"_monsterinsights_sitenote_active":false,"_monsterinsights_sitenote_note":"","_monsterinsights_sitenote_category":0,"footnotes":""},"categories":[12],"tags":[],"class_list":["post-2794","post","type-post","status-publish","format-standard","has-post-thumbnail","hentry","category-journal"],"aioseo_notices":[],"_links":{"self":[{"href":"https:\/\/judo-wels.at\/index.php?rest_route=\/wp\/v2\/posts\/2794","targetHints":{"allow":["GET"]}}],"collection":[{"href":"https:\/\/judo-wels.at\/index.php?rest_route=\/wp\/v2\/posts"}],"about":[{"href":"https:\/\/judo-wels.at\/index.php?rest_route=\/wp\/v2\/types\/post"}],"author":[{"embeddable":true,"href":"https:\/\/judo-wels.at\/index.php?rest_route=\/wp\/v2\/users\/5"}],"replies":[{"embeddable":true,"href":"https:\/\/judo-wels.at\/index.php?rest_route=%2Fwp%2Fv2%2Fcomments&post=2794"}],"version-history":[{"count":4,"href":"https:\/\/judo-wels.at\/index.php?rest_route=\/wp\/v2\/posts\/2794\/revisions"}],"predecessor-version":[{"id":2803,"href":"https:\/\/judo-wels.at\/index.php?rest_route=\/wp\/v2\/posts\/2794\/revisions\/2803"}],"wp:featuredmedia":[{"embeddable":true,"href":"https:\/\/judo-wels.at\/index.php?rest_route=\/wp\/v2\/media\/2798"}],"wp:attachment":[{"href":"https:\/\/judo-wels.at\/index.php?rest_route=%2Fwp%2Fv2%2Fmedia&parent=2794"}],"wp:term":[{"taxonomy":"category","embeddable":true,"href":"https:\/\/judo-wels.at\/index.php?rest_route=%2Fwp%2Fv2%2Fcategories&post=2794"},{"taxonomy":"post_tag","embeddable":true,"href":"https:\/\/judo-wels.at\/index.php?rest_route=%2Fwp%2Fv2%2Ftags&post=2794"}],"curies":[{"name":"wp","href":"https:\/\/api.w.org\/{rel}","templated":true}]}}