{"id":2791,"date":"2025-10-23T07:27:33","date_gmt":"2025-10-23T05:27:33","guid":{"rendered":"https:\/\/judo-wels.at\/?p=2791"},"modified":"2025-10-23T07:50:13","modified_gmt":"2025-10-23T05:50:13","slug":"jubilaeums-judokurs-gestartet","status":"publish","type":"post","link":"https:\/\/judo-wels.at\/?p=2791","title":{"rendered":"Jubil\u00e4ums-Judokurs gestartet"},"content":{"rendered":"<div class=\"x14z9mp xat24cr x1lziwak x1vvkbs xtlvy1s x126k92a\">\n<h4 dir=\"auto\">Der 50. Kurs f\u00fcr Anf\u00e4nger (im Bild die Kindergruppe 1) ist am 15. Oktober im Budokan Wels gut gestartet. Die zweifache Europameisterin Sabrina Filzmoser leitete zum Auftakt das Training. Kursleiter Willi Reizelsdorfer (6. Dan) konnte mit Leif Eric Bright (USA), der derzeit in Kambodscha lebt, einen besonderen Trainergast begr\u00fc\u00dfen. Der Kalifornier zeigte sich wie viele andere Besucher &#8211; etwa die sechsfache Berglauf-Weltmeisterin Andrea Mayr &#8211; vom einzigartigen Budokan-Bauwerk beeindruckt.<\/h4>\n<\/div>\n<div class=\"x14z9mp xat24cr x1lziwak x1vvkbs xtlvy1s x126k92a\">\n<h4 dir=\"auto\">Am 29. Oktober (Herbstferien) findet kein Kurstraining statt. Am Mittwoch, 5. November, besteht noch die M\u00f6glichkeit zum Kurseinstieg. Der Kurs endet am 28. J\u00e4nner 2026. Bis dahin wird jeden Mittwoch ab 16.30 Uhr im Budokan Wels flei\u00dfig ge\u00fcbt.<\/h4>\n<p><img loading=\"lazy\" decoding=\"async\" class=\"aligncenter size-large wp-image-2792\" src=\"https:\/\/judo-wels.at\/wp-content\/uploads\/2025\/10\/568947058_1369806085149879_3298592920376077590_n-1024x683.jpg\" alt=\"\" width=\"1024\" height=\"683\" srcset=\"https:\/\/judo-wels.at\/wp-content\/uploads\/2025\/10\/568947058_1369806085149879_3298592920376077590_n-1024x683.jpg 1024w, https:\/\/judo-wels.at\/wp-content\/uploads\/2025\/10\/568947058_1369806085149879_3298592920376077590_n-300x200.jpg 300w, https:\/\/judo-wels.at\/wp-content\/uploads\/2025\/10\/568947058_1369806085149879_3298592920376077590_n-768x512.jpg 768w, https:\/\/judo-wels.at\/wp-content\/uploads\/2025\/10\/568947058_1369806085149879_3298592920376077590_n-1536x1024.jpg 1536w, https:\/\/judo-wels.at\/wp-content\/uploads\/2025\/10\/568947058_1369806085149879_3298592920376077590_n-128x85.jpg 128w, https:\/\/judo-wels.at\/wp-content\/uploads\/2025\/10\/568947058_1369806085149879_3298592920376077590_n-32x21.jpg 32w, https:\/\/judo-wels.at\/wp-content\/uploads\/2025\/10\/568947058_1369806085149879_3298592920376077590_n.jpg 2048w\" sizes=\"auto, (max-width: 1024px) 100vw, 1024px\" \/><\/p>\n<\/div>\n","protected":false},"excerpt":{"rendered":"<p>Der 50. Kurs f\u00fcr Anf\u00e4nger (im Bild die Kindergruppe 1) ist am 15. Oktober im Budokan Wels gut gestartet. Die zweifache Europameisterin Sabrina Filzmoser leitete zum Auftakt das Training. Kursleiter [&hellip;]<\/p>\n","protected":false},"author":5,"featured_media":2792,"comment_status":"closed","ping_status":"open","sticky":false,"template":"","format":"standard","meta":{"_monsterinsights_skip_tracking":false,"_monsterinsights_sitenote_active":false,"_monsterinsights_sitenote_note":"","_monsterinsights_sitenote_category":0,"footnotes":""},"categories":[1],"tags":[],"class_list":["post-2791","post","type-post","status-publish","format-standard","has-post-thumbnail","hentry","category-uncategorized"],"aioseo_notices":[],"_links":{"self":[{"href":"https:\/\/judo-wels.at\/index.php?rest_route=\/wp\/v2\/posts\/2791","targetHints":{"allow":["GET"]}}],"collection":[{"href":"https:\/\/judo-wels.at\/index.php?rest_route=\/wp\/v2\/posts"}],"about":[{"href":"https:\/\/judo-wels.at\/index.php?rest_route=\/wp\/v2\/types\/post"}],"author":[{"embeddable":true,"href":"https:\/\/judo-wels.at\/index.php?rest_route=\/wp\/v2\/users\/5"}],"replies":[{"embeddable":true,"href":"https:\/\/judo-wels.at\/index.php?rest_route=%2Fwp%2Fv2%2Fcomments&post=2791"}],"version-history":[{"count":2,"href":"https:\/\/judo-wels.at\/index.php?rest_route=\/wp\/v2\/posts\/2791\/revisions"}],"predecessor-version":[{"id":2801,"href":"https:\/\/judo-wels.at\/index.php?rest_route=\/wp\/v2\/posts\/2791\/revisions\/2801"}],"wp:featuredmedia":[{"embeddable":true,"href":"https:\/\/judo-wels.at\/index.php?rest_route=\/wp\/v2\/media\/2792"}],"wp:attachment":[{"href":"https:\/\/judo-wels.at\/index.php?rest_route=%2Fwp%2Fv2%2Fmedia&parent=2791"}],"wp:term":[{"taxonomy":"category","embeddable":true,"href":"https:\/\/judo-wels.at\/index.php?rest_route=%2Fwp%2Fv2%2Fcategories&post=2791"},{"taxonomy":"post_tag","embeddable":true,"href":"https:\/\/judo-wels.at\/index.php?rest_route=%2Fwp%2Fv2%2Ftags&post=2791"}],"curies":[{"name":"wp","href":"https:\/\/api.w.org\/{rel}","templated":true}]}}