{"id":2787,"date":"2025-10-23T07:26:02","date_gmt":"2025-10-23T05:26:02","guid":{"rendered":"https:\/\/judo-wels.at\/?p=2787"},"modified":"2025-10-23T07:50:39","modified_gmt":"2025-10-23T05:50:39","slug":"landesliga-und-schuelerliga-gegen-fairdrive-leonding","status":"publish","type":"post","link":"https:\/\/judo-wels.at\/?p=2787","title":{"rendered":"Landesliga und Sch\u00fclerliga gegen Fairdrive Leonding"},"content":{"rendered":"<div class=\"html-div xdj266r x14z9mp xat24cr x1lziwak xexx8yu xyri2b x18d9i69 x1c1uobl\" dir=\"auto\">\n<div class=\"html-div xdj266r x14z9mp xat24cr x1lziwak xexx8yu xyri2b x18d9i69 x1c1uobl\" data-ad-rendering-role=\"story_message\">\n<div id=\"_r_8h_\" class=\"x1l90r2v x1iorvi4 x1g0dm76 xpdmqnj\" data-ad-comet-preview=\"message\" data-ad-preview=\"message\">\n<div class=\"x78zum5 xdt5ytf xz62fqu x16ldp7u\">\n<div class=\"xu06os2 x1ok221b\">\n<div class=\"html-div xdj266r x14z9mp xat24cr x1lziwak xexx8yu xyri2b x18d9i69 x1c1uobl\">\n<div class=\"xdj266r x14z9mp xat24cr x1lziwak x1vvkbs x126k92a\">\n<h4 dir=\"auto\">Sieg in der Landesliga und jeweils Niederlage in Sch\u00fcler- und Bundesliga<\/h4>\n<\/div>\n<h4 dir=\"auto\">Letzten Freitag konnte das Farmteam des LZ Multikraft Wels in der Landesliga A zu Hause im Budokan Wels die Mannschaft von Fairdrive Leonding 16:6 besiegen. Nicht so gut ist es in der Sch\u00fclerliga gelaufen. Hier unterlagen die j\u00fcngsten Multis den Leondingern 4:12.<\/h4>\n<div class=\"x14z9mp xat24cr x1lziwak x1vvkbs xtlvy1s x126k92a\">\n<h4 dir=\"auto\">Am Samstag setzte es in der vorletzten Runde der Judo Bundesliga vor dem Final Four am 22. 11. in Gmunden f\u00fcr das LZ Multikraft Wels ausw\u00e4rts gegen Sanjindo Bischofshofen eine 5:9 Niederlage. F\u00fcr die extrem ersatzgeschw\u00e4chten Multis \u2013 mit Daniel Leutgeb, Issa Naschcho, Thomas Ecker, Alexander Kaserer und Firas Ben Saad fehlte fast die halbe Mannschaft \u2013 ist diese Niederlage absolut kein Beinbruch, denn das Final-Four-Ticket ist nun fix. Vor der vorletzten Vorrundenbegegnung ausw\u00e4rts am 8. 11. gegen JU Burgkirchen\/Schwand liegen die Multis auf Tabellenplatz drei und sind nicht mehr aus den ersten vier Pl\u00e4tzen zu verdr\u00e4ngen.<\/h4>\n<p><img loading=\"lazy\" decoding=\"async\" class=\"aligncenter size-full wp-image-2788\" src=\"https:\/\/judo-wels.at\/wp-content\/uploads\/2025\/10\/560899066_1369779911819163_6213509216917123309_n.jpg\" alt=\"\" width=\"750\" height=\"422\" srcset=\"https:\/\/judo-wels.at\/wp-content\/uploads\/2025\/10\/560899066_1369779911819163_6213509216917123309_n.jpg 750w, https:\/\/judo-wels.at\/wp-content\/uploads\/2025\/10\/560899066_1369779911819163_6213509216917123309_n-300x169.jpg 300w, https:\/\/judo-wels.at\/wp-content\/uploads\/2025\/10\/560899066_1369779911819163_6213509216917123309_n-128x72.jpg 128w, https:\/\/judo-wels.at\/wp-content\/uploads\/2025\/10\/560899066_1369779911819163_6213509216917123309_n-32x18.jpg 32w\" sizes=\"auto, (max-width: 750px) 100vw, 750px\" \/><\/p>\n<\/div>\n<\/div>\n<\/div>\n<\/div>\n<\/div>\n<\/div>\n<\/div>\n","protected":false},"excerpt":{"rendered":"<p>Sieg in der Landesliga und jeweils Niederlage in Sch\u00fcler- und Bundesliga Letzten Freitag konnte das Farmteam des LZ Multikraft Wels in der Landesliga A zu Hause im Budokan Wels die [&hellip;]<\/p>\n","protected":false},"author":5,"featured_media":2788,"comment_status":"closed","ping_status":"open","sticky":false,"template":"","format":"standard","meta":{"_monsterinsights_skip_tracking":false,"_monsterinsights_sitenote_active":false,"_monsterinsights_sitenote_note":"","_monsterinsights_sitenote_category":0,"footnotes":""},"categories":[1],"tags":[],"class_list":["post-2787","post","type-post","status-publish","format-standard","has-post-thumbnail","hentry","category-uncategorized"],"aioseo_notices":[],"_links":{"self":[{"href":"https:\/\/judo-wels.at\/index.php?rest_route=\/wp\/v2\/posts\/2787","targetHints":{"allow":["GET"]}}],"collection":[{"href":"https:\/\/judo-wels.at\/index.php?rest_route=\/wp\/v2\/posts"}],"about":[{"href":"https:\/\/judo-wels.at\/index.php?rest_route=\/wp\/v2\/types\/post"}],"author":[{"embeddable":true,"href":"https:\/\/judo-wels.at\/index.php?rest_route=\/wp\/v2\/users\/5"}],"replies":[{"embeddable":true,"href":"https:\/\/judo-wels.at\/index.php?rest_route=%2Fwp%2Fv2%2Fcomments&post=2787"}],"version-history":[{"count":3,"href":"https:\/\/judo-wels.at\/index.php?rest_route=\/wp\/v2\/posts\/2787\/revisions"}],"predecessor-version":[{"id":2802,"href":"https:\/\/judo-wels.at\/index.php?rest_route=\/wp\/v2\/posts\/2787\/revisions\/2802"}],"wp:featuredmedia":[{"embeddable":true,"href":"https:\/\/judo-wels.at\/index.php?rest_route=\/wp\/v2\/media\/2788"}],"wp:attachment":[{"href":"https:\/\/judo-wels.at\/index.php?rest_route=%2Fwp%2Fv2%2Fmedia&parent=2787"}],"wp:term":[{"taxonomy":"category","embeddable":true,"href":"https:\/\/judo-wels.at\/index.php?rest_route=%2Fwp%2Fv2%2Fcategories&post=2787"},{"taxonomy":"post_tag","embeddable":true,"href":"https:\/\/judo-wels.at\/index.php?rest_route=%2Fwp%2Fv2%2Ftags&post=2787"}],"curies":[{"name":"wp","href":"https:\/\/api.w.org\/{rel}","templated":true}]}}