{"id":2781,"date":"2025-10-14T07:42:08","date_gmt":"2025-10-14T05:42:08","guid":{"rendered":"https:\/\/judo-wels.at\/?p=2781"},"modified":"2025-10-14T07:42:53","modified_gmt":"2025-10-14T05:42:53","slug":"staatsmeisterschaften-2025","status":"publish","type":"post","link":"https:\/\/judo-wels.at\/?p=2781","title":{"rendered":"Staatsmeisterschaften 2025"},"content":{"rendered":"<div class=\"xdj266r x14z9mp xat24cr x1lziwak x1vvkbs x126k92a\">\n<h4 dir=\"auto\">Gold durch Klaus-Sternwieser und Silber durch Kaserer bei den Staatsmeisterschaften<\/h4>\n<\/div>\n<h4 dir=\"auto\">Letztes Wochenende fanden die \u00d6sterreichischen Judo-Staatsmeisterschaften der Allgemeinen Klasse in Feldkirch (Vorarlberg) mit 133 Aktiven von 38 Klubs statt. Das LZ Multikraft Wels reiste dazu mit drei Athleten an, die einmal Gold und einmal Silber holten.<\/h4>\n<h4 dir=\"auto\">Alexander Klaus-Sternwieser\u00a0blieb in der Klasse bis 60 kg ungeschlagen, mit ihm hat das LZ Multikraft Wels nun einen neuen Staatsmeister.<\/h4>\n<h4 dir=\"auto\">Alexander Kaserer\u00a0musste in der Klasse bis 73 kg lediglich im Finale gegen Samuel Ga\u00dfner vom UJZ M\u00fchlviertel eine Niederlage einstecken und holte damit Silber.<\/h4>\n<h4 dir=\"auto\">Leider nichts zu holen gab es f\u00fcr Anna Bachler\u00a0in der Klasse bis 63 kg, die nach ihrer Verletzungspause erstmals wieder auf der Wettkampfmatte stand.<\/h4>\n<div class=\"x14z9mp xat24cr x1lziwak x1vvkbs xtlvy1s x126k92a\">\n<h4 dir=\"auto\">\u201eOhne Daniel Leutgeb, Firas Ben Saad und Issa Naschcho, die nat\u00fcrlich alle Garanten f\u00fcr eine Medaille oder den Titel w\u00e4ren, mit drei Athleten Gold und Silber und damit Platz f\u00fcnf im Medaillen-spiegel zu holen ist nat\u00fcrlich ein hervorragendes Ergebnis\u201c, res\u00fcmiert Coach Thomas Haminger.<\/h4>\n<p><img loading=\"lazy\" decoding=\"async\" class=\"aligncenter size-large wp-image-2782\" src=\"https:\/\/judo-wels.at\/wp-content\/uploads\/2025\/10\/560463714_1361419205988567_9129502712359756688_n-1024x768.jpg\" alt=\"\" width=\"1024\" height=\"768\" srcset=\"https:\/\/judo-wels.at\/wp-content\/uploads\/2025\/10\/560463714_1361419205988567_9129502712359756688_n-1024x768.jpg 1024w, https:\/\/judo-wels.at\/wp-content\/uploads\/2025\/10\/560463714_1361419205988567_9129502712359756688_n-300x225.jpg 300w, https:\/\/judo-wels.at\/wp-content\/uploads\/2025\/10\/560463714_1361419205988567_9129502712359756688_n-768x576.jpg 768w, https:\/\/judo-wels.at\/wp-content\/uploads\/2025\/10\/560463714_1361419205988567_9129502712359756688_n-128x96.jpg 128w, https:\/\/judo-wels.at\/wp-content\/uploads\/2025\/10\/560463714_1361419205988567_9129502712359756688_n-32x24.jpg 32w, https:\/\/judo-wels.at\/wp-content\/uploads\/2025\/10\/560463714_1361419205988567_9129502712359756688_n.jpg 1280w\" sizes=\"auto, (max-width: 1024px) 100vw, 1024px\" \/> <img loading=\"lazy\" decoding=\"async\" class=\"aligncenter size-large wp-image-2783\" src=\"https:\/\/judo-wels.at\/wp-content\/uploads\/2025\/10\/559677768_1361419219321899_6573267262254453225_n-1024x768.jpg\" alt=\"\" width=\"1024\" height=\"768\" srcset=\"https:\/\/judo-wels.at\/wp-content\/uploads\/2025\/10\/559677768_1361419219321899_6573267262254453225_n-1024x768.jpg 1024w, https:\/\/judo-wels.at\/wp-content\/uploads\/2025\/10\/559677768_1361419219321899_6573267262254453225_n-300x225.jpg 300w, https:\/\/judo-wels.at\/wp-content\/uploads\/2025\/10\/559677768_1361419219321899_6573267262254453225_n-768x576.jpg 768w, https:\/\/judo-wels.at\/wp-content\/uploads\/2025\/10\/559677768_1361419219321899_6573267262254453225_n-128x96.jpg 128w, https:\/\/judo-wels.at\/wp-content\/uploads\/2025\/10\/559677768_1361419219321899_6573267262254453225_n-32x24.jpg 32w, https:\/\/judo-wels.at\/wp-content\/uploads\/2025\/10\/559677768_1361419219321899_6573267262254453225_n.jpg 1280w\" sizes=\"auto, (max-width: 1024px) 100vw, 1024px\" \/><\/p>\n<\/div>\n","protected":false},"excerpt":{"rendered":"<p>Gold durch Klaus-Sternwieser und Silber durch Kaserer bei den Staatsmeisterschaften Letztes Wochenende fanden die \u00d6sterreichischen Judo-Staatsmeisterschaften der Allgemeinen Klasse in Feldkirch (Vorarlberg) mit 133 Aktiven von 38 Klubs statt. Das [&hellip;]<\/p>\n","protected":false},"author":5,"featured_media":2783,"comment_status":"closed","ping_status":"open","sticky":false,"template":"","format":"standard","meta":{"_monsterinsights_skip_tracking":false,"_monsterinsights_sitenote_active":false,"_monsterinsights_sitenote_note":"","_monsterinsights_sitenote_category":0,"footnotes":""},"categories":[1],"tags":[],"class_list":["post-2781","post","type-post","status-publish","format-standard","has-post-thumbnail","hentry","category-uncategorized"],"aioseo_notices":[],"_links":{"self":[{"href":"https:\/\/judo-wels.at\/index.php?rest_route=\/wp\/v2\/posts\/2781","targetHints":{"allow":["GET"]}}],"collection":[{"href":"https:\/\/judo-wels.at\/index.php?rest_route=\/wp\/v2\/posts"}],"about":[{"href":"https:\/\/judo-wels.at\/index.php?rest_route=\/wp\/v2\/types\/post"}],"author":[{"embeddable":true,"href":"https:\/\/judo-wels.at\/index.php?rest_route=\/wp\/v2\/users\/5"}],"replies":[{"embeddable":true,"href":"https:\/\/judo-wels.at\/index.php?rest_route=%2Fwp%2Fv2%2Fcomments&post=2781"}],"version-history":[{"count":2,"href":"https:\/\/judo-wels.at\/index.php?rest_route=\/wp\/v2\/posts\/2781\/revisions"}],"predecessor-version":[{"id":2785,"href":"https:\/\/judo-wels.at\/index.php?rest_route=\/wp\/v2\/posts\/2781\/revisions\/2785"}],"wp:featuredmedia":[{"embeddable":true,"href":"https:\/\/judo-wels.at\/index.php?rest_route=\/wp\/v2\/media\/2783"}],"wp:attachment":[{"href":"https:\/\/judo-wels.at\/index.php?rest_route=%2Fwp%2Fv2%2Fmedia&parent=2781"}],"wp:term":[{"taxonomy":"category","embeddable":true,"href":"https:\/\/judo-wels.at\/index.php?rest_route=%2Fwp%2Fv2%2Fcategories&post=2781"},{"taxonomy":"post_tag","embeddable":true,"href":"https:\/\/judo-wels.at\/index.php?rest_route=%2Fwp%2Fv2%2Ftags&post=2781"}],"curies":[{"name":"wp","href":"https:\/\/api.w.org\/{rel}","templated":true}]}}