{"id":2369,"date":"2025-01-08T08:40:05","date_gmt":"2025-01-08T06:40:05","guid":{"rendered":"https:\/\/judo-wels.at\/?p=2369"},"modified":"2025-01-08T08:40:05","modified_gmt":"2025-01-08T06:40:05","slug":"weihnachtsfeier-2024","status":"publish","type":"post","link":"https:\/\/judo-wels.at\/?p=2369","title":{"rendered":"Weihnachtsfeier 2024"},"content":{"rendered":"<div class=\"x11i5rnm xat24cr x1mh8g0r x1vvkbs xtlvy1s x126k92a\">\n<div dir=\"auto\">Mit 120 Judofreunden gab es am Samstag bei der Weihnachtsfeier des LZ Multikraft Wels Rekordbesuch. Die mehr als erfreuliche sportliche Bilanz mit vielen Erfolgen und Medaillen im Nachwuchs und der allgemeinen Klasse und als H\u00f6hepunkt dem Vize-Meistertitel in der Bundesliga, Sportler-, Trainer- und Funktion\u00e4rsehrungen, Dank an die Sponsoren, Gratulation zu einem 30er unter den Trainern und \u00fcber 400 Tombolapreise standen im Mittelpunkt.<\/div>\n<\/div>\n<div class=\"x11i5rnm xat24cr x1mh8g0r x1vvkbs xtlvy1s x126k92a\">\n<div dir=\"auto\"><span class=\"html-span xexx8yu x4uap5 x18d9i69 xkhd6sd x1hl2dhg x16tdsg8 x1vvkbs x3nfvp2 x1j61x8r x1fcty0u xdj266r xat24cr xgzva0m xhhsvwb xxymvpz xlup9mm x1kky2od\"><img loading=\"lazy\" decoding=\"async\" class=\"xz74otr\" src=\"https:\/\/static.xx.fbcdn.net\/images\/emoji.php\/v9\/t9d\/2\/16\/1f44f.png\" alt=\"\ud83d\udc4f\" width=\"16\" height=\"16\" \/><\/span>Willi Reizelsdorfer<span class=\"html-span xexx8yu x4uap5 x18d9i69 xkhd6sd x1hl2dhg x16tdsg8 x1vvkbs x3nfvp2 x1j61x8r x1fcty0u xdj266r xat24cr xgzva0m xhhsvwb xxymvpz xlup9mm x1kky2od\"><img loading=\"lazy\" decoding=\"async\" class=\"xz74otr\" src=\"https:\/\/static.xx.fbcdn.net\/images\/emoji.php\/v9\/t9d\/2\/16\/1f44f.png\" alt=\"\ud83d\udc4f\" width=\"16\" height=\"16\" \/><\/span> erhielt z.B. die Humanit\u00e4ts-Verdienstmedaille der Stadt Wels in Gold, <span class=\"html-span xdj266r x11i5rnm xat24cr x1mh8g0r xexx8yu x4uap5 x18d9i69 xkhd6sd x1hl2dhg x16tdsg8 x1vvkbs\"><a class=\"x1i10hfl xjbqb8w x1ejq31n xd10rxx x1sy0etr x17r0tee x972fbf xcfux6l x1qhh985 xm0m39n x9f619 x1ypdohk xt0psk2 xe8uvvx xdj266r x11i5rnm xat24cr x1mh8g0r xexx8yu x4uap5 x18d9i69 xkhd6sd x16tdsg8 x1hl2dhg xggy1nq x1a2a7pz x1sur9pj xkrqix3 x1fey0fg x1s688f\" tabindex=\"0\" role=\"link\" href=\"https:\/\/www.facebook.com\/multikraft?__cft__[0]=AZVadlszWW5gQKpLghBFXWO6XZfXII16XXmo-ihULdDC_5dYBhZWxSf7iWqwmFyxP-eLWrMwg08iLOih-DjxdYmQixWMXsIcNn82rOSFhruWwPyl5Cssvaw-alm7w8qW_j2-FaLCyu8L7oAM44iShdy5EHMF-6KeGqBsYsJ3cLJ7OYTRmvNoQRNiQl6Jrm84yCU&amp;__tn__=-]K-R\"><span class=\"xt0psk2\">Multikraft<\/span><\/a><\/span>-Gr\u00fcnderin <span class=\"html-span xexx8yu x4uap5 x18d9i69 xkhd6sd x1hl2dhg x16tdsg8 x1vvkbs x3nfvp2 x1j61x8r x1fcty0u xdj266r xat24cr xgzva0m xhhsvwb xxymvpz xlup9mm x1kky2od\"><img loading=\"lazy\" decoding=\"async\" class=\"xz74otr\" src=\"https:\/\/static.xx.fbcdn.net\/images\/emoji.php\/v9\/t1f\/2\/16\/1f64f.png\" alt=\"\ud83d\ude4f\" width=\"16\" height=\"16\" \/><\/span>Ulrike Hader<span class=\"html-span xexx8yu x4uap5 x18d9i69 xkhd6sd x1hl2dhg x16tdsg8 x1vvkbs x3nfvp2 x1j61x8r x1fcty0u xdj266r xat24cr xgzva0m xhhsvwb xxymvpz xlup9mm x1kky2od\"><img loading=\"lazy\" decoding=\"async\" class=\"xz74otr\" src=\"https:\/\/static.xx.fbcdn.net\/images\/emoji.php\/v9\/t1f\/2\/16\/1f64f.png\" alt=\"\ud83d\ude4f\" width=\"16\" height=\"16\" \/><\/span> wurde Vereins-Ehrenmitglied, Bundesliga-Coach <span class=\"html-span xexx8yu x4uap5 x18d9i69 xkhd6sd x1hl2dhg x16tdsg8 x1vvkbs x3nfvp2 x1j61x8r x1fcty0u xdj266r xat24cr xgzva0m xhhsvwb xxymvpz xlup9mm x1kky2od\"><img loading=\"lazy\" decoding=\"async\" class=\"xz74otr\" src=\"https:\/\/static.xx.fbcdn.net\/images\/emoji.php\/v9\/t1f\/2\/16\/1f64f.png\" alt=\"\ud83d\ude4f\" width=\"16\" height=\"16\" \/><\/span>Manfred Dullinger<span class=\"html-span xexx8yu x4uap5 x18d9i69 xkhd6sd x1hl2dhg x16tdsg8 x1vvkbs x3nfvp2 x1j61x8r x1fcty0u xdj266r xat24cr xgzva0m xhhsvwb xxymvpz xlup9mm x1kky2od\"><img loading=\"lazy\" decoding=\"async\" class=\"xz74otr\" src=\"https:\/\/static.xx.fbcdn.net\/images\/emoji.php\/v9\/t1f\/2\/16\/1f64f.png\" alt=\"\ud83d\ude4f\" width=\"16\" height=\"16\" \/><\/span> und Landesliga-Coach <span class=\"html-span xexx8yu x4uap5 x18d9i69 xkhd6sd x1hl2dhg x16tdsg8 x1vvkbs x3nfvp2 x1j61x8r x1fcty0u xdj266r xat24cr xgzva0m xhhsvwb xxymvpz xlup9mm x1kky2od\"><img loading=\"lazy\" decoding=\"async\" class=\"xz74otr\" src=\"https:\/\/static.xx.fbcdn.net\/images\/emoji.php\/v9\/t1f\/2\/16\/1f64f.png\" alt=\"\ud83d\ude4f\" width=\"16\" height=\"16\" \/><\/span>Gerhard Reizelsdorfer<span class=\"html-span xexx8yu x4uap5 x18d9i69 xkhd6sd x1hl2dhg x16tdsg8 x1vvkbs x3nfvp2 x1j61x8r x1fcty0u xdj266r xat24cr xgzva0m xhhsvwb xxymvpz xlup9mm x1kky2od\"><img loading=\"lazy\" decoding=\"async\" class=\"xz74otr\" src=\"https:\/\/static.xx.fbcdn.net\/images\/emoji.php\/v9\/t1f\/2\/16\/1f64f.png\" alt=\"\ud83d\ude4f\" width=\"16\" height=\"16\" \/><\/span> verabschiedeten sich offiziell von ihrer Funktion, Schriftf\u00fchrer <span class=\"html-span xexx8yu x4uap5 x18d9i69 xkhd6sd x1hl2dhg x16tdsg8 x1vvkbs x3nfvp2 x1j61x8r x1fcty0u xdj266r xat24cr xgzva0m xhhsvwb xxymvpz xlup9mm x1kky2od\"><img loading=\"lazy\" decoding=\"async\" class=\"xz74otr\" src=\"https:\/\/static.xx.fbcdn.net\/images\/emoji.php\/v9\/t1f\/2\/16\/1f64f.png\" alt=\"\ud83d\ude4f\" width=\"16\" height=\"16\" \/><\/span>Werner Niedermayr<span class=\"html-span xexx8yu x4uap5 x18d9i69 xkhd6sd x1hl2dhg x16tdsg8 x1vvkbs x3nfvp2 x1j61x8r x1fcty0u xdj266r xat24cr xgzva0m xhhsvwb xxymvpz xlup9mm x1kky2od\"><img loading=\"lazy\" decoding=\"async\" class=\"xz74otr\" src=\"https:\/\/static.xx.fbcdn.net\/images\/emoji.php\/v9\/t1f\/2\/16\/1f64f.png\" alt=\"\ud83d\ude4f\" width=\"16\" height=\"16\" \/><\/span> wurde als Funktion\u00e4r des Jahres ausgezeichnet, <span class=\"html-span xexx8yu x4uap5 x18d9i69 xkhd6sd x1hl2dhg x16tdsg8 x1vvkbs x3nfvp2 x1j61x8r x1fcty0u xdj266r xat24cr xgzva0m xhhsvwb xxymvpz xlup9mm x1kky2od\"><img loading=\"lazy\" decoding=\"async\" class=\"xz74otr\" src=\"https:\/\/static.xx.fbcdn.net\/images\/emoji.php\/v9\/tb\/2\/16\/1f4aa.png\" alt=\"\ud83d\udcaa\" width=\"16\" height=\"16\" \/><\/span>Marlies M\u00fcller<span class=\"html-span xexx8yu x4uap5 x18d9i69 xkhd6sd x1hl2dhg x16tdsg8 x1vvkbs x3nfvp2 x1j61x8r x1fcty0u xdj266r xat24cr xgzva0m xhhsvwb xxymvpz xlup9mm x1kky2od\"><img loading=\"lazy\" decoding=\"async\" class=\"xz74otr\" src=\"https:\/\/static.xx.fbcdn.net\/images\/emoji.php\/v9\/tb\/2\/16\/1f4aa.png\" alt=\"\ud83d\udcaa\" width=\"16\" height=\"16\" \/><\/span> punktegleich mit <span class=\"html-span xexx8yu x4uap5 x18d9i69 xkhd6sd x1hl2dhg x16tdsg8 x1vvkbs x3nfvp2 x1j61x8r x1fcty0u xdj266r xat24cr xgzva0m xhhsvwb xxymvpz xlup9mm x1kky2od\"><img loading=\"lazy\" decoding=\"async\" class=\"xz74otr\" src=\"https:\/\/static.xx.fbcdn.net\/images\/emoji.php\/v9\/tb\/2\/16\/1f4aa.png\" alt=\"\ud83d\udcaa\" width=\"16\" height=\"16\" \/><\/span>Paula Niedermayr<span class=\"html-span xexx8yu x4uap5 x18d9i69 xkhd6sd x1hl2dhg x16tdsg8 x1vvkbs x3nfvp2 x1j61x8r x1fcty0u xdj266r xat24cr xgzva0m xhhsvwb xxymvpz xlup9mm x1kky2od\"><img loading=\"lazy\" decoding=\"async\" class=\"xz74otr\" src=\"https:\/\/static.xx.fbcdn.net\/images\/emoji.php\/v9\/tb\/2\/16\/1f4aa.png\" alt=\"\ud83d\udcaa\" width=\"16\" height=\"16\" \/><\/span> und <span class=\"html-span xexx8yu x4uap5 x18d9i69 xkhd6sd x1hl2dhg x16tdsg8 x1vvkbs x3nfvp2 x1j61x8r x1fcty0u xdj266r xat24cr xgzva0m xhhsvwb xxymvpz xlup9mm x1kky2od\"><img loading=\"lazy\" decoding=\"async\" class=\"xz74otr\" src=\"https:\/\/static.xx.fbcdn.net\/images\/emoji.php\/v9\/tb\/2\/16\/1f4aa.png\" alt=\"\ud83d\udcaa\" width=\"16\" height=\"16\" \/><\/span>Christoph Schachinger<span class=\"html-span xexx8yu x4uap5 x18d9i69 xkhd6sd x1hl2dhg x16tdsg8 x1vvkbs x3nfvp2 x1j61x8r x1fcty0u xdj266r xat24cr xgzva0m xhhsvwb xxymvpz xlup9mm x1kky2od\"><img loading=\"lazy\" decoding=\"async\" class=\"xz74otr\" src=\"https:\/\/static.xx.fbcdn.net\/images\/emoji.php\/v9\/tb\/2\/16\/1f4aa.png\" alt=\"\ud83d\udcaa\" width=\"16\" height=\"16\" \/><\/span> wurden als Nachwuchsk\u00e4mpfer des Jahres geehrt und <span class=\"html-span xexx8yu x4uap5 x18d9i69 xkhd6sd x1hl2dhg x16tdsg8 x1vvkbs x3nfvp2 x1j61x8r x1fcty0u xdj266r xat24cr xgzva0m xhhsvwb xxymvpz xlup9mm x1kky2od\"><img loading=\"lazy\" decoding=\"async\" class=\"xz74otr\" src=\"https:\/\/static.xx.fbcdn.net\/images\/emoji.php\/v9\/ta4\/2\/16\/1f382.png\" alt=\"\ud83c\udf82\" width=\"16\" height=\"16\" \/><\/span>Michael Winkler<span class=\"html-span xexx8yu x4uap5 x18d9i69 xkhd6sd x1hl2dhg x16tdsg8 x1vvkbs x3nfvp2 x1j61x8r x1fcty0u xdj266r xat24cr xgzva0m xhhsvwb xxymvpz xlup9mm x1kky2od\"><img loading=\"lazy\" decoding=\"async\" class=\"xz74otr\" src=\"https:\/\/static.xx.fbcdn.net\/images\/emoji.php\/v9\/ta4\/2\/16\/1f382.png\" alt=\"\ud83c\udf82\" width=\"16\" height=\"16\" \/><\/span> hatte am Tag davor mit dem 30er einen runden Geburtstag.<\/div>\n<\/div>\n<div class=\"x11i5rnm xat24cr x1mh8g0r x1vvkbs xtlvy1s x126k92a\">\n<div dir=\"auto\">Mit einem Dank an die Sponsoren, an die immer verl\u00e4sslichen zahlreichen Helfer f\u00fcr ihren Einsatz und nicht zuletzt an die Eltern der vielen Nachwuchs-Judokas, ohne die alle die erzielten Erfolge nicht m\u00f6glich w\u00e4ren, w\u00fcnschen die Multis frohe Weihnachten und erholsame Feiertage!!!<\/div>\n<div dir=\"auto\"><\/div>\n<\/div>\n<div dir=\"auto\"><span class=\"x193iq5w xeuugli x13faqbe x1vvkbs xlh3980 xvmahel x1n0sxbx x1lliihq x1s928wv xhkezso x1gmr53x x1cpjm7i x1fgarty x1943h6x xudqn12 x3x7a5m x6prxxf xvq8zen xo1l8bm xzsf02u x1yc453h\" dir=\"auto\">Alle Fotos von der Weihnachtsfeier:<\/span> <a href=\"https:\/\/www.flickr.com\/photos\/147421380@N02\/albums\/72177720322761438?fbclid=IwZXh0bgNhZW0CMTAAAR37D7-py5Jab2CCPEdOua89YXAJX1sLLP2Q54HGBw5_URCliws8SbCW1mE_aem_t8BnFv9xiebt0yhWdGjazg\">https:\/\/www.flickr.com\/photos\/147421380@N02\/albums\/72177720322761438?fbclid=IwZXh0bgNhZW0CMTAAAR37D7-py5Jab2CCPEdOua89YXAJX1sLLP2Q54HGBw5_URCliws8SbCW1mE_aem_t8BnFv9xiebt0yhWdGjazg<\/a><\/div>\n<div class=\"x11i5rnm xat24cr x1mh8g0r x1vvkbs xtlvy1s x126k92a\">\n<div dir=\"auto\"><\/div>\n<div dir=\"auto\"><img loading=\"lazy\" decoding=\"async\" class=\"aligncenter size-large wp-image-2371\" src=\"https:\/\/judo-wels.at\/wp-content\/uploads\/2025\/01\/471239163_1110609614402862_2684609140952430947_n-1024x678.jpg\" alt=\"\" width=\"1024\" height=\"678\" srcset=\"https:\/\/judo-wels.at\/wp-content\/uploads\/2025\/01\/471239163_1110609614402862_2684609140952430947_n-1024x678.jpg 1024w, https:\/\/judo-wels.at\/wp-content\/uploads\/2025\/01\/471239163_1110609614402862_2684609140952430947_n-300x199.jpg 300w, https:\/\/judo-wels.at\/wp-content\/uploads\/2025\/01\/471239163_1110609614402862_2684609140952430947_n-768x508.jpg 768w, https:\/\/judo-wels.at\/wp-content\/uploads\/2025\/01\/471239163_1110609614402862_2684609140952430947_n-128x85.jpg 128w, https:\/\/judo-wels.at\/wp-content\/uploads\/2025\/01\/471239163_1110609614402862_2684609140952430947_n-32x21.jpg 32w, https:\/\/judo-wels.at\/wp-content\/uploads\/2025\/01\/471239163_1110609614402862_2684609140952430947_n.jpg 1450w\" sizes=\"auto, (max-width: 1024px) 100vw, 1024px\" \/><img loading=\"lazy\" decoding=\"async\" class=\"aligncenter size-large wp-image-2375\" src=\"https:\/\/judo-wels.at\/wp-content\/uploads\/2025\/01\/471199046_1110609631069527_5273599159067835869_n-1024x678.jpg\" alt=\"\" width=\"1024\" height=\"678\" srcset=\"https:\/\/judo-wels.at\/wp-content\/uploads\/2025\/01\/471199046_1110609631069527_5273599159067835869_n-1024x678.jpg 1024w, https:\/\/judo-wels.at\/wp-content\/uploads\/2025\/01\/471199046_1110609631069527_5273599159067835869_n-300x199.jpg 300w, https:\/\/judo-wels.at\/wp-content\/uploads\/2025\/01\/471199046_1110609631069527_5273599159067835869_n-768x508.jpg 768w, https:\/\/judo-wels.at\/wp-content\/uploads\/2025\/01\/471199046_1110609631069527_5273599159067835869_n-128x85.jpg 128w, https:\/\/judo-wels.at\/wp-content\/uploads\/2025\/01\/471199046_1110609631069527_5273599159067835869_n-32x21.jpg 32w, https:\/\/judo-wels.at\/wp-content\/uploads\/2025\/01\/471199046_1110609631069527_5273599159067835869_n.jpg 1450w\" sizes=\"auto, (max-width: 1024px) 100vw, 1024px\" \/><\/div>\n<\/div>\n","protected":false},"excerpt":{"rendered":"<p>Mit 120 Judofreunden gab es am Samstag bei der Weihnachtsfeier des LZ Multikraft Wels Rekordbesuch. Die mehr als erfreuliche sportliche Bilanz mit vielen Erfolgen und Medaillen im Nachwuchs und der [&hellip;]<\/p>\n","protected":false},"author":5,"featured_media":2372,"comment_status":"closed","ping_status":"open","sticky":false,"template":"","format":"standard","meta":{"_monsterinsights_skip_tracking":false,"_monsterinsights_sitenote_active":false,"_monsterinsights_sitenote_note":"","_monsterinsights_sitenote_category":0,"footnotes":""},"categories":[1],"tags":[],"class_list":["post-2369","post","type-post","status-publish","format-standard","has-post-thumbnail","hentry","category-uncategorized"],"aioseo_notices":[],"_links":{"self":[{"href":"https:\/\/judo-wels.at\/index.php?rest_route=\/wp\/v2\/posts\/2369","targetHints":{"allow":["GET"]}}],"collection":[{"href":"https:\/\/judo-wels.at\/index.php?rest_route=\/wp\/v2\/posts"}],"about":[{"href":"https:\/\/judo-wels.at\/index.php?rest_route=\/wp\/v2\/types\/post"}],"author":[{"embeddable":true,"href":"https:\/\/judo-wels.at\/index.php?rest_route=\/wp\/v2\/users\/5"}],"replies":[{"embeddable":true,"href":"https:\/\/judo-wels.at\/index.php?rest_route=%2Fwp%2Fv2%2Fcomments&post=2369"}],"version-history":[{"count":1,"href":"https:\/\/judo-wels.at\/index.php?rest_route=\/wp\/v2\/posts\/2369\/revisions"}],"predecessor-version":[{"id":2377,"href":"https:\/\/judo-wels.at\/index.php?rest_route=\/wp\/v2\/posts\/2369\/revisions\/2377"}],"wp:featuredmedia":[{"embeddable":true,"href":"https:\/\/judo-wels.at\/index.php?rest_route=\/wp\/v2\/media\/2372"}],"wp:attachment":[{"href":"https:\/\/judo-wels.at\/index.php?rest_route=%2Fwp%2Fv2%2Fmedia&parent=2369"}],"wp:term":[{"taxonomy":"category","embeddable":true,"href":"https:\/\/judo-wels.at\/index.php?rest_route=%2Fwp%2Fv2%2Fcategories&post=2369"},{"taxonomy":"post_tag","embeddable":true,"href":"https:\/\/judo-wels.at\/index.php?rest_route=%2Fwp%2Fv2%2Ftags&post=2369"}],"curies":[{"name":"wp","href":"https:\/\/api.w.org\/{rel}","templated":true}]}}