{"id":2319,"date":"2024-11-21T11:49:06","date_gmt":"2024-11-21T09:49:06","guid":{"rendered":"https:\/\/judo-wels.at\/?p=2319"},"modified":"2024-11-21T11:49:06","modified_gmt":"2024-11-21T09:49:06","slug":"neue-schwarzgurt-traegerin-unter-den-multis","status":"publish","type":"post","link":"https:\/\/judo-wels.at\/?p=2319","title":{"rendered":"Neue Schwarzgurt-Tr\u00e4gerin unter den Multis!"},"content":{"rendered":"<div class=\"html-div xdj266r x11i5rnm xat24cr x1mh8g0r xexx8yu x4uap5 x18d9i69 xkhd6sd\" dir=\"auto\">\n<div id=\":rg4:\" class=\"x1l90r2v x1pi30zi x1swvt13 x1iorvi4\" data-ad-comet-preview=\"message\" data-ad-preview=\"message\">\n<div class=\"x78zum5 xdt5ytf xz62fqu x16ldp7u\">\n<div class=\"xu06os2 x1ok221b\">\n<div class=\"x11i5rnm xat24cr x1mh8g0r x1vvkbs xtlvy1s x126k92a\">\n<div dir=\"auto\">Die Multis k\u00f6nnen mit Anna Bachlereine neue Schwarzgurt-Tr\u00e4gerin begr\u00fc\u00dfen.<\/div>\n<div dir=\"auto\">Nach intensiver Vorbereitungszeit mit ihrer Uke\u00a0Carina Schwarzbauer vom <span class=\"html-span xdj266r x11i5rnm xat24cr x1mh8g0r xexx8yu x4uap5 x18d9i69 xkhd6sd x1hl2dhg x16tdsg8 x1vvkbs\"><a class=\"x1i10hfl xjbqb8w x1ejq31n xd10rxx x1sy0etr x17r0tee x972fbf xcfux6l x1qhh985 xm0m39n x9f619 x1ypdohk xt0psk2 xe8uvvx xdj266r x11i5rnm xat24cr x1mh8g0r xexx8yu x4uap5 x18d9i69 xkhd6sd x16tdsg8 x1hl2dhg xggy1nq x1a2a7pz x1sur9pj xkrqix3 x1fey0fg x1s688f\" tabindex=\"0\" role=\"link\" href=\"https:\/\/www.facebook.com\/UJZ.Muehlviertel?__cft__[0]=AZX5ZeSjYzAWFcbSAt-f05lzK_plCQcOaMporFnTfP3b_bwYpdSUX5zie89jdvCxOfpDKvR_dxMMMCSepEubulf_Or4dFMKq5ynp_W73qacc4TiAK5Gu_iLhaP10-11_goN4FvhjwDyxamqVnFhb0_r0Ot88pwOQy_1eO5DkW25kAlZymFIoMRHdSDTPROojc6Axh9P8wE13Du9UkQ-Pjh4L&amp;__tn__=-]K-R\"><span class=\"xt0psk2\">UJZ M\u00fchlviertel<\/span><\/a><\/span> haben die beiden die Pr\u00fcfung zum 1. Dan erfolgreich (nur zwei Punkte unter dem Maximum) bestanden.<\/div>\n<div dir=\"auto\"><\/div>\n<\/div>\n<div class=\"x11i5rnm xat24cr x1mh8g0r x1vvkbs xtlvy1s x126k92a\">\n<div dir=\"auto\">Die Multis gratulieren Anna und Carina!!!!!!<\/div>\n<\/div>\n<\/div>\n<\/div>\n<\/div>\n<\/div>\n<p><img loading=\"lazy\" decoding=\"async\" class=\"aligncenter size-full wp-image-2214\" src=\"https:\/\/judo-wels.at\/wp-content\/uploads\/2024\/10\/463950851_1060966002700557_5416200539290675936_n.jpg\" alt=\"\" width=\"450\" height=\"600\" srcset=\"https:\/\/judo-wels.at\/wp-content\/uploads\/2024\/10\/463950851_1060966002700557_5416200539290675936_n.jpg 450w, https:\/\/judo-wels.at\/wp-content\/uploads\/2024\/10\/463950851_1060966002700557_5416200539290675936_n-225x300.jpg 225w, https:\/\/judo-wels.at\/wp-content\/uploads\/2024\/10\/463950851_1060966002700557_5416200539290675936_n-96x128.jpg 96w, https:\/\/judo-wels.at\/wp-content\/uploads\/2024\/10\/463950851_1060966002700557_5416200539290675936_n-24x32.jpg 24w\" sizes=\"auto, (max-width: 450px) 100vw, 450px\" \/><\/p>\n","protected":false},"excerpt":{"rendered":"<p>Die Multis k\u00f6nnen mit Anna Bachlereine neue Schwarzgurt-Tr\u00e4gerin begr\u00fc\u00dfen. Nach intensiver Vorbereitungszeit mit ihrer Uke\u00a0Carina Schwarzbauer vom UJZ M\u00fchlviertel haben die beiden die Pr\u00fcfung zum 1. Dan erfolgreich (nur zwei [&hellip;]<\/p>\n","protected":false},"author":5,"featured_media":2213,"comment_status":"closed","ping_status":"open","sticky":false,"template":"","format":"standard","meta":{"_monsterinsights_skip_tracking":false,"_monsterinsights_sitenote_active":false,"_monsterinsights_sitenote_note":"","_monsterinsights_sitenote_category":0,"footnotes":""},"categories":[1],"tags":[],"class_list":["post-2319","post","type-post","status-publish","format-standard","has-post-thumbnail","hentry","category-uncategorized"],"aioseo_notices":[],"_links":{"self":[{"href":"https:\/\/judo-wels.at\/index.php?rest_route=\/wp\/v2\/posts\/2319","targetHints":{"allow":["GET"]}}],"collection":[{"href":"https:\/\/judo-wels.at\/index.php?rest_route=\/wp\/v2\/posts"}],"about":[{"href":"https:\/\/judo-wels.at\/index.php?rest_route=\/wp\/v2\/types\/post"}],"author":[{"embeddable":true,"href":"https:\/\/judo-wels.at\/index.php?rest_route=\/wp\/v2\/users\/5"}],"replies":[{"embeddable":true,"href":"https:\/\/judo-wels.at\/index.php?rest_route=%2Fwp%2Fv2%2Fcomments&post=2319"}],"version-history":[{"count":1,"href":"https:\/\/judo-wels.at\/index.php?rest_route=\/wp\/v2\/posts\/2319\/revisions"}],"predecessor-version":[{"id":2320,"href":"https:\/\/judo-wels.at\/index.php?rest_route=\/wp\/v2\/posts\/2319\/revisions\/2320"}],"wp:featuredmedia":[{"embeddable":true,"href":"https:\/\/judo-wels.at\/index.php?rest_route=\/wp\/v2\/media\/2213"}],"wp:attachment":[{"href":"https:\/\/judo-wels.at\/index.php?rest_route=%2Fwp%2Fv2%2Fmedia&parent=2319"}],"wp:term":[{"taxonomy":"category","embeddable":true,"href":"https:\/\/judo-wels.at\/index.php?rest_route=%2Fwp%2Fv2%2Fcategories&post=2319"},{"taxonomy":"post_tag","embeddable":true,"href":"https:\/\/judo-wels.at\/index.php?rest_route=%2Fwp%2Fv2%2Ftags&post=2319"}],"curies":[{"name":"wp","href":"https:\/\/api.w.org\/{rel}","templated":true}]}}