{"id":2314,"date":"2024-11-21T11:44:50","date_gmt":"2024-11-21T09:44:50","guid":{"rendered":"https:\/\/judo-wels.at\/?p=2314"},"modified":"2024-11-21T11:59:02","modified_gmt":"2024-11-21T09:59:02","slug":"drei-mal-bronze-bei-den-staatsmeisterschaften-fuer-die-multis","status":"publish","type":"post","link":"https:\/\/judo-wels.at\/?p=2314","title":{"rendered":"Drei Mal Bronze bei den Staatsmeisterschaften f\u00fcr die Multis!"},"content":{"rendered":"<h5>Am Samstag 12.10.2024 ging im k\u00e4rntnerischen Feldkirchen die \u00d6sterreichische Judo-Staatsmeisterschaft in<br \/>\nder allgemeinen Klasse in Szene. Das Ergebnis f\u00fcr das LZ Multikraft Wels: drei Mal Bronze durch<br \/>\nAnna Bachler, Firas Ben Saad und Daniel Leutgeb.<br \/>\nBesonders erfreulich ist, dass Anna Bachler als erst 16j\u00e4hrige erstmals in der Allgemeinen Klasse<br \/>\nbei Staatsmeisterschaften eine Medaille holte. In der Kategorie bis 63 kg verlor sie lediglich<br \/>\ngegen die sp\u00e4tere zweitplatzierte Lilian Hutterer und k\u00e4mpfte sich schlie\u00dflich souver\u00e4n durch<br \/>\ndie Hoffnungsrunde zu Bronze. Ebenfalls zu Bronze k\u00e4mpfte sich Daniel Leutgeb bis 66 kg, eine<br \/>\nKategorie \u00fcber seiner normalen Gewichtsklasse. Die dritte Bronzene der Multis ging an Firas Ben<br \/>\nSaad bis 73 kg, gleich beim erste Antritt in seiner neuen Gewichtsklasse. Er unterlag nur im<br \/>\nSemifinale dem sp\u00e4teren Staatsmeister Alexander Kaserer. Kaserer ist Trainingsgast und -partner<br \/>\nder Multis zwei Mal pro Woche im Welser Budokan und in der Bundesliga k\u00e4mpft er f\u00fcr das LZ Multikraft Wels.<br \/>\nEbenfalls Bronze im U16 Mixed Team am Sonntag wurden in Feldkirchen dann die \u00d6sterreichischen Meisterschaften der U16-Mixed-Teams ausgetragen. In einer Wettkampfgemeinschaft mit dem UJZ M\u00fchlviertel holte das LZ<br \/>\nMultikraft Wels mit Paula Niedermayr, Marlies M\u00fcller, Luka Haminger, Xaver Niedermayr und<br \/>\nFlorian Hochhauser den dritten Platz.<\/h5>\n<h2><\/h2>\n<p><img loading=\"lazy\" decoding=\"async\" class=\"aligncenter size-large wp-image-2185\" src=\"https:\/\/judo-wels.at\/wp-content\/uploads\/2024\/10\/Oliver-Sellner-OeSTM-OeM-Mixed-Teams-2024-50877-1024x683.jpg\" alt=\"\" width=\"1024\" height=\"683\" srcset=\"https:\/\/judo-wels.at\/wp-content\/uploads\/2024\/10\/Oliver-Sellner-OeSTM-OeM-Mixed-Teams-2024-50877-1024x683.jpg 1024w, https:\/\/judo-wels.at\/wp-content\/uploads\/2024\/10\/Oliver-Sellner-OeSTM-OeM-Mixed-Teams-2024-50877-300x200.jpg 300w, https:\/\/judo-wels.at\/wp-content\/uploads\/2024\/10\/Oliver-Sellner-OeSTM-OeM-Mixed-Teams-2024-50877-768x512.jpg 768w, https:\/\/judo-wels.at\/wp-content\/uploads\/2024\/10\/Oliver-Sellner-OeSTM-OeM-Mixed-Teams-2024-50877-128x85.jpg 128w, https:\/\/judo-wels.at\/wp-content\/uploads\/2024\/10\/Oliver-Sellner-OeSTM-OeM-Mixed-Teams-2024-50877-32x21.jpg 32w, https:\/\/judo-wels.at\/wp-content\/uploads\/2024\/10\/Oliver-Sellner-OeSTM-OeM-Mixed-Teams-2024-50877.jpg 1280w\" sizes=\"auto, (max-width: 1024px) 100vw, 1024px\" \/><\/p>\n","protected":false},"excerpt":{"rendered":"<p>Am Samstag 12.10.2024 ging im k\u00e4rntnerischen Feldkirchen die \u00d6sterreichische Judo-Staatsmeisterschaft in der allgemeinen Klasse in Szene. Das Ergebnis f\u00fcr das LZ Multikraft Wels: drei Mal Bronze durch Anna Bachler, Firas [&hellip;]<\/p>\n","protected":false},"author":5,"featured_media":2184,"comment_status":"closed","ping_status":"open","sticky":false,"template":"","format":"standard","meta":{"_monsterinsights_skip_tracking":false,"_monsterinsights_sitenote_active":false,"_monsterinsights_sitenote_note":"","_monsterinsights_sitenote_category":0,"footnotes":""},"categories":[1],"tags":[],"class_list":["post-2314","post","type-post","status-publish","format-standard","has-post-thumbnail","hentry","category-uncategorized"],"aioseo_notices":[],"_links":{"self":[{"href":"https:\/\/judo-wels.at\/index.php?rest_route=\/wp\/v2\/posts\/2314","targetHints":{"allow":["GET"]}}],"collection":[{"href":"https:\/\/judo-wels.at\/index.php?rest_route=\/wp\/v2\/posts"}],"about":[{"href":"https:\/\/judo-wels.at\/index.php?rest_route=\/wp\/v2\/types\/post"}],"author":[{"embeddable":true,"href":"https:\/\/judo-wels.at\/index.php?rest_route=\/wp\/v2\/users\/5"}],"replies":[{"embeddable":true,"href":"https:\/\/judo-wels.at\/index.php?rest_route=%2Fwp%2Fv2%2Fcomments&post=2314"}],"version-history":[{"count":1,"href":"https:\/\/judo-wels.at\/index.php?rest_route=\/wp\/v2\/posts\/2314\/revisions"}],"predecessor-version":[{"id":2315,"href":"https:\/\/judo-wels.at\/index.php?rest_route=\/wp\/v2\/posts\/2314\/revisions\/2315"}],"wp:featuredmedia":[{"embeddable":true,"href":"https:\/\/judo-wels.at\/index.php?rest_route=\/wp\/v2\/media\/2184"}],"wp:attachment":[{"href":"https:\/\/judo-wels.at\/index.php?rest_route=%2Fwp%2Fv2%2Fmedia&parent=2314"}],"wp:term":[{"taxonomy":"category","embeddable":true,"href":"https:\/\/judo-wels.at\/index.php?rest_route=%2Fwp%2Fv2%2Fcategories&post=2314"},{"taxonomy":"post_tag","embeddable":true,"href":"https:\/\/judo-wels.at\/index.php?rest_route=%2Fwp%2Fv2%2Ftags&post=2314"}],"curies":[{"name":"wp","href":"https:\/\/api.w.org\/{rel}","templated":true}]}}