{"id":1253,"global_id":"judo-wels.at?id=1253","global_id_lineage":["judo-wels.at?id=1253"],"author":"1","status":"publish","date":"2019-02-13 21:38:35","date_utc":"2019-02-13 19:38:35","modified":"2019-02-13 21:38:35","modified_utc":"2019-02-13 19:38:35","url":"https:\/\/judo-wels.at\/?tribe_events=jugendliga-salzburg","rest_url":"https:\/\/judo-wels.at\/index.php?rest_route=\/tribe\/events\/v1\/events\/1253","title":"Jugendliga Salzburg","description":"<p>Jahrg\u00e4nge 2002 &#8211; 2006<\/p>\n<p>Gewichtsklassen: -50, -55, -60, -66, +66 kg<\/p>\n<p>N\u00e4here Ausk\u00fcnfte bei Helmut Riegl!<\/p>","excerpt":"","slug":"jugendliga-salzburg","image":false,"all_day":false,"start_date":"2019-06-08 14:00:00","start_date_details":{"year":"2019","month":"06","day":"08","hour":"14","minutes":"00","seconds":"00"},"end_date":"2019-06-08 17:00:00","end_date_details":{"year":"2019","month":"06","day":"08","hour":"17","minutes":"00","seconds":"00"},"utc_start_date":"2019-06-08 11:00:00","utc_start_date_details":{"year":"2019","month":"06","day":"08","hour":"11","minutes":"00","seconds":"00"},"utc_end_date":"2019-06-08 14:00:00","utc_end_date_details":{"year":"2019","month":"06","day":"08","hour":"14","minutes":"00","seconds":"00"},"timezone":"UTC+2","timezone_abbr":"UTC+2","cost":"","cost_details":{"currency_symbol":"","currency_code":"","currency_position":"prefix","values":[]},"website":"","show_map":true,"show_map_link":true,"hide_from_listings":false,"sticky":false,"featured":false,"categories":[],"tags":[],"venue":[],"organizer":[],"custom_fields":[],"json_ld":{"@context":"http:\/\/schema.org","@type":"Event","name":"Jugendliga Salzburg","description":"&lt;p&gt;Jahrg\u00e4nge 2002 - 2006 Gewichtsklassen: -50, -55, -60, -66, +66 kg N\u00e4here Ausk\u00fcnfte bei Helmut Riegl!&lt;\/p&gt;\\n","url":"https:\/\/judo-wels.at\/?tribe_events=jugendliga-salzburg","eventAttendanceMode":"https:\/\/schema.org\/OfflineEventAttendanceMode","eventStatus":"https:\/\/schema.org\/EventScheduled","startDate":"2019-06-08T14:00:00+02:00","endDate":"2019-06-08T17:00:00+02:00","performer":"Organization"}}